{"id":2592,"__str__":"REQUERIMENTO n\u00ba 98 de 2023","link_detail_backend":"/materia/2592","metadata":{"signs":{"texto_original":{"admin":[],"autores":[["Alessandro Moreira Chaves",["2023-09-05T11:43:29-04:00","ICP-Brasil"]],["Arion Aislan de Sousa",["2023-09-05T11:46:56-04:00","ICP-Brasil"]],["Edeildo Goncalves dos Santos",["2023-09-05T11:40:11-04:00","ICP-Brasil"]],["Fabio Zanata",["2023-09-05T12:22:22-04:00","ICP-Brasil"]],["Gabriela Carneiro Delgado",["2023-09-05T11:30:24-04:00","ICP-Brasil"]],["Josenildo do Nascimento",["2023-09-05T11:42:44-04:00","ICP-Brasil"]],["Leandro Ferreira Luiz Fedossi",["2023-09-05T12:26:58-04:00","ICP-Brasil"]],["Marcia Batista Lobo Grigolo",["2023-09-05T11:45:30-04:00","ICP-Brasil"]],["Maria Aparecida dos Santos Correia Valdez",["2023-09-05T11:51:57-03:00","ICP-Brasil"]],["Pedro Gomes Soares",["2023-09-05T11:40:19-04:00","ICP-Brasil"]],["Sandro Roberto Hoici",["2023-09-05T11:49:06-04:00","ICP-Brasil"]],["Wilson Almeida da Silva",["2023-09-05T11:34:05-04:00","ICP-Brasil"]]]}}},"numero":98,"ano":2023,"numero_protocolo":1699,"data_apresentacao":"2023-09-01","tipo_apresentacao":"","data_publicacao":null,"numero_origem_externa":"","ano_origem_externa":null,"data_origem_externa":null,"apelido":"","dias_prazo":null,"data_fim_prazo":null,"em_tramitacao":true,"polemica":false,"objeto":"","complementar":false,"ementa":"O Vereador que a esta subscreve REQUER A MESA DIRETORA, nos termos regimentais vigentes que seja encaminhado expediente ao Presidente da C\u00e2mara municipal de Nova Andradina Sr. LEANDRO FERREIRA LUIZ FEDOSSI, ao prefeito municipal SR. JOSE GILBERTO GARCIA, aos senhores VEREADORES/AS e aos SECRET\u00c1RIOS/AS, requerendo a realiza\u00e7\u00e3o de Audi\u00eancia P\u00fablica para discutir a \u201cCONSTRU\u00c7\u00c3O DE UM PRES\u00cdDIO EM NOVA ANDRADINA\u201d, em virtude do Minist\u00e9rio da Justi\u00e7a estar enviando verbas federais para MS, a fim de serem aportadas na constru\u00e7\u00e3o de pres\u00eddios, e o governo do Estado destacar que nossa cidade poder\u00e1 receber uma dessas constru\u00e7\u00f5es. Outrossim, propomos que a data seja determinada por esta Casa considerando as agendas das autoridades que se far\u00e3o presentes. Solicitamos ainda que sejam convidados representantes da OAB, Minist\u00e9rio P\u00fablico Estadual, Governo Estadual e Federal, Assembleia Legislativa, representantes da sociedade civil organizada, autoridades dos munic\u00edpios vizinhos e toda a SOCIEDADE LOCAL, cidad\u00e3s e cidad\u00e3os que devem ser a prioridade do nosso trabalho.","indexacao":"","observacao":"","resultado":"","texto_original":"http://sapl.novaandradina.ms.leg.br/media/sapl/public/materialegislativa/2023/2592/requerimento_98_-_ceara_.pdf","data_ultima_atualizacao":"2023-09-05T13:28:57.580316-03:00","ip":"200.124.64.20","ultima_edicao":"2023-09-05T13:28:50.551947-03:00","tipo":3,"regime_tramitacao":1,"tipo_origem_externa":null,"local_origem_externa":null,"user":8,"anexadas":[],"autores":[41,49,29,21,22,2,23,24,28,20,26,27,30]}