{"id":2591,"__str__":"REQUERIMENTO n\u00ba 97 de 2023","link_detail_backend":"/materia/2591","metadata":{"signs":{"texto_original":{"admin":[],"autores":[["Arion Aislan de Sousa",["2023-09-05T08:06:04-04:00","ICP-Brasil"]],["Josenildo do Nascimento",["2023-09-04T12:38:14-04:00","ICP-Brasil"]],["Pedro Gomes Soares",["2023-09-04T12:36:00-04:00","ICP-Brasil"]]]}}},"numero":97,"ano":2023,"numero_protocolo":1698,"data_apresentacao":"2023-09-01","tipo_apresentacao":"","data_publicacao":null,"numero_origem_externa":"","ano_origem_externa":null,"data_origem_externa":null,"apelido":"","dias_prazo":null,"data_fim_prazo":null,"em_tramitacao":true,"polemica":false,"objeto":"","complementar":false,"ementa":"O Vereador que a esta subscreve REQUER A MESA DIRETORA, nos termos regimentais vigentes, que seja encaminhado expediente ao Prefeito Municipal SR. JOSE GILBERTO GARCIA, \u00e0 Secret\u00e1ria Municipal de Educa\u00e7\u00e3o, Cultura e Esportes,\u00a0Sra. GIULIANA MASCULI POKRYWIECKI, \u00e0 Diretora Presidente da Funda\u00e7\u00e3o Nova-andradinense de Cultura - FUNAC, Sra. ANA LUCIA FERREIRA VASCONCELOS e ao Presidente do Conselho Municipal de pol\u00edtica Cultural, Sr. BRUNO HENRIQUE SELEGUIM, considerando a retomada do incentivo e fomento \u00e0 Cultura com a volta do Minist\u00e9rio da Cultura, as recentes Leis Federais aprovadas como a Lei Aldir Blanc 2 e a Lei Complementar Paulo Gustavo. Considerando a tentativa do Minist\u00e9rio da Cultura no processo de Implementa\u00e7\u00e3o do Sistema Municipal de Cultura nos estados e munic\u00edpios, \u00e9 que requeremos as seguintes informa\u00e7\u00f5es referente ao Conselho Municipal de pol\u00edtica Cultural.\r\na)Quais foram as a\u00e7\u00f5es administrativas realizadas pelo Conselho durante o mandato vigente?\r\nb)Quais foram as pol\u00edticas aprovadas pelo Conselho durante o mandato vigente?\r\nc)Como o conselho tem se articulado no processo de fiscaliza\u00e7\u00e3o e acompanhamento das recentes leis federais como a Paulo Gustavo e a Lei Aldir Blanc 2?","indexacao":"","observacao":"","resultado":"","texto_original":"http://sapl.novaandradina.ms.leg.br/media/sapl/public/materialegislativa/2023/2591/requerimento_97_-_ceara_.pdf","data_ultima_atualizacao":"2023-09-05T13:32:12.202596-03:00","ip":"200.124.64.20","ultima_edicao":"2023-09-05T13:32:08.655744-03:00","tipo":3,"regime_tramitacao":1,"tipo_origem_externa":null,"local_origem_externa":null,"user":8,"anexadas":[],"autores":[29,28,27]}