{"id":2585,"__str__":"INDICA\u00c7\u00c3O n\u00ba 372 de 2023","link_detail_backend":"/materia/2585","metadata":{"signs":{"texto_original":{"admin":[],"autores":[["Gabriela Carneiro Delgado",["2023-09-04T12:46:25-04:00","ICP-Brasil"]],["Maria Aparecida dos Santos Correia Valdez",["2023-09-05T08:16:02-03:00","ICP-Brasil"]],["Wilson Almeida da Silva",["2023-09-05T08:53:41-04:00","ICP-Brasil"]]]}}},"numero":372,"ano":2023,"numero_protocolo":1689,"data_apresentacao":"2023-08-31","tipo_apresentacao":"","data_publicacao":null,"numero_origem_externa":"","ano_origem_externa":null,"data_origem_externa":null,"apelido":"","dias_prazo":null,"data_fim_prazo":null,"em_tramitacao":true,"polemica":false,"objeto":"","complementar":false,"ementa":"As Vereadoras que a esta subscrevem nos termos regimentais vigentes, depois de ouvido o Plen\u00e1rio, INDICAM \u00c0 MESA DIRETORA que seja encaminhado expediente ao Prefeito Municipal, Sr. JOS\u00c9 GILBERTO GARCIA, ao Secret\u00e1rio Municipal Infraestrutura, Sr. J\u00daLIO C\u00c9SAR CASTRO MARQUES e ao Secret\u00e1rio Municipal de Servi\u00e7os P\u00fablicos, Sr. ROBERTO GINELL, solicitando que seja viabilizada reforma, manuten\u00e7\u00e3o e constru\u00e7\u00e3o na Pra\u00e7a C\u00e2ndido Fructuoso de Mattos do Bairro Durval Andrade Filho e na Pra\u00e7a Wilson Fabr\u00edcio de Matos do Bairro Argemiro Ortega, que apresentam os seguintes problemas:\r\na) Reparos das telas das grades dos alambrados\r\nb) Consertos e pinturas dos brinquedos dos Parques Infantis \r\nc) Manuten\u00e7\u00e3o dos equipamentos da academia ao ar livre\r\nd) Pintura da arquibancada\r\ne) Limpeza e corte dos gramados\r\nf) Cobertura da quadra na Pra\u00e7a do Durval A. Filho.","indexacao":"","observacao":"","resultado":"","texto_original":"http://sapl.novaandradina.ms.leg.br/media/sapl/public/materialegislativa/2023/2585/ind_372_-_cida__gabriela.pdf","data_ultima_atualizacao":"2023-09-05T13:52:28.781836-03:00","ip":"200.124.64.20","ultima_edicao":"2023-09-05T13:52:28.515561-03:00","tipo":8,"regime_tramitacao":1,"tipo_origem_externa":null,"local_origem_externa":null,"user":8,"anexadas":[],"autores":[21,24,30]}