{"id":2582,"__str__":"INDICA\u00c7\u00c3O n\u00ba 371 de 2023","link_detail_backend":"/materia/2582","metadata":{"signs":{"texto_original":{"admin":[],"autores":[["Alessandro Moreira Chaves",["2023-09-04T12:40:49-04:00","ICP-Brasil"]],["Edeildo Goncalves dos Santos",["2023-09-04T12:27:55-04:00","ICP-Brasil"]]]}}},"numero":371,"ano":2023,"numero_protocolo":1685,"data_apresentacao":"2023-08-31","tipo_apresentacao":"","data_publicacao":null,"numero_origem_externa":"","ano_origem_externa":null,"data_origem_externa":null,"apelido":"","dias_prazo":null,"data_fim_prazo":null,"em_tramitacao":true,"polemica":false,"objeto":"","complementar":false,"ementa":"O Vereador que a esta subscreve nos termos regimentais vigentes, depois de ouvido o plen\u00e1rio, INDICA \u00c1 MESA, que seja encaminhado expediente ao Sr. JOS\u00c9 GILBERTO GARCIA, e ao Secret\u00e1rio Municipal de Servi\u00e7os P\u00fablicos, Sr. ROBERTO GINEL, solicitando a implanta\u00e7\u00e3o de Redutor de velocidade na Rua Imaculada Concei\u00e7\u00e3o esquina com a Rua S\u00e3o Vicente no munic\u00edpio de Nova Andradina \u2013 MS.","indexacao":"","observacao":"LOMBADA ELETR\u00d4NICA, TRAFFIC CALMING, ONDULA\u00c7\u00c3O","resultado":"","texto_original":"http://sapl.novaandradina.ms.leg.br/media/sapl/public/materialegislativa/2023/2582/ind_371_-_deildo_.pdf","data_ultima_atualizacao":"2023-09-11T11:03:23.729753-03:00","ip":"200.124.64.20","ultima_edicao":"2023-09-11T11:03:23.466919-03:00","tipo":8,"regime_tramitacao":1,"tipo_origem_externa":null,"local_origem_externa":null,"user":8,"anexadas":[],"autores":[41,22]}