{"id":2519,"__str__":"INDICA\u00c7\u00c3O n\u00ba 342 de 2023","link_detail_backend":"/materia/2519","metadata":{"signs":{"texto_original":{"admin":[],"autores":[["Josenildo do Nascimento",["2023-08-21T11:54:50-04:00","ICP-Brasil"]]]}}},"numero":342,"ano":2023,"numero_protocolo":1555,"data_apresentacao":"2023-08-17","tipo_apresentacao":"","data_publicacao":null,"numero_origem_externa":"","ano_origem_externa":null,"data_origem_externa":null,"apelido":"","dias_prazo":null,"data_fim_prazo":null,"em_tramitacao":true,"polemica":false,"objeto":"","complementar":false,"ementa":"O Vereador que a esta subscreve nos termos regimentais vigentes, depois de ouvido o Plen\u00e1rio, INDICA \u00c0 MESA DIRETORA, que seja encaminhado expediente ao Prefeito Municipal, Sr. JOS\u00c9 GILBERTO GARCIA, ao Secret\u00e1rio Municipal de Sa\u00fade, Sr. HERNANDES ORTIZ, a Secret\u00e1ria Municipal de Assist\u00eancia Social e Cidadania, Sra. DELMA PRADO CAVALCANTE, baseado no \u201cProjeto de Lei do Senado (PLS) 72/2018, do senador Paulo Paim (PT-RS)\u201d e que tornou-se a \u201cLei Federal N\u00ba. 14.423, de 22 de julho de 2022\u201d, solicito a Elabora\u00e7\u00e3o de Projeto para Implanta\u00e7\u00e3o de Creche do Idoso no Munic\u00edpio de Nova Andradina-MS.","indexacao":"LAR DO IDOSO","observacao":"","resultado":"","texto_original":"http://sapl.novaandradina.ms.leg.br/media/sapl/public/materialegislativa/2023/2519/ind_342_-_ceara.pdf","data_ultima_atualizacao":"2023-08-30T10:36:37.164689-03:00","ip":"200.124.64.20","ultima_edicao":"2023-08-30T10:36:36.982674-03:00","tipo":8,"regime_tramitacao":1,"tipo_origem_externa":null,"local_origem_externa":null,"user":8,"anexadas":[],"autores":[28]}