{"id":2431,"__str__":"PARECER DAS COMISS\u00d5ES PERMANENTES n\u00ba 69 de 2023","link_detail_backend":"/materia/2431","metadata":{"signs":{"texto_original":{"admin":[],"autores":[["Marcia Batista Lobo Grigolo",["2023-07-11T08:33:35-04:00","ICP-Brasil"]],["Pedro Gomes Soares",["2023-07-11T07:57:43-04:00","ICP-Brasil"]],["Sandro Roberto Hoici",["2023-07-11T08:52:54-04:00","ICP-Brasil"]]]}}},"numero":69,"ano":2023,"numero_protocolo":1326,"data_apresentacao":"2023-07-11","tipo_apresentacao":"E","data_publicacao":null,"numero_origem_externa":"","ano_origem_externa":null,"data_origem_externa":null,"apelido":"","dias_prazo":null,"data_fim_prazo":null,"em_tramitacao":false,"polemica":false,"objeto":"","complementar":false,"ementa":"ASSUNTO: PARECER DA COMISS\u00c3O DE JUSTI\u00c7A E REDA\u00c7\u00c3O N\u00ba. 69, 10 DE JULHO DE 2023\r\n\r\nASSUNTO: PROJETO DE LEI COMPLEMENTAR N\u00ba 9, de 26 de junho de 2023 Altera e acrescenta disposi\u00e7\u00f5es na Lei Complementar n\u00ba. 229, de 13 de dezembro de 2018, e d\u00e1 outras provid\u00eancias","indexacao":"","observacao":"","resultado":"","texto_original":"http://sapl.novaandradina.ms.leg.br/media/sapl/public/materialegislativa/2023/2431/parecer_no_69-2023_-_plc_09_prefeito.pdf","data_ultima_atualizacao":"2023-07-11T10:59:31.729911-03:00","ip":"200.124.64.20","ultima_edicao":"2023-07-11T10:59:31.473560-03:00","tipo":18,"regime_tramitacao":1,"tipo_origem_externa":null,"local_origem_externa":null,"user":8,"anexadas":[],"autores":[13]}