{"id":232,"__str__":"REQUERIMENTO n\u00ba 92 de 2021","link_detail_backend":"/materia/232","metadata":{},"numero":92,"ano":2021,"numero_protocolo":232,"data_apresentacao":"2021-09-29","tipo_apresentacao":"E","data_publicacao":null,"numero_origem_externa":"","ano_origem_externa":null,"data_origem_externa":null,"apelido":"","dias_prazo":null,"data_fim_prazo":null,"em_tramitacao":false,"polemica":false,"objeto":"","complementar":false,"ementa":"A Vereadora que a esta subscreve nos termos regimentais vigentes depois de ouvido o Plen\u00e1rio REQUER \u00c0 MESA DIRETORA que seja encaminhado expediente ao Prefeito Municipal, Sr. JOS\u00c9 GILBERTO GARCIA, e \u00e0 Secret\u00e1ria Municipal de Cidadania e Assist\u00eancia Social, Sra. JULLIANA CAETANO ORTEGA, requerendo que seja informado sobre o andamento da instala\u00e7\u00e3o el\u00e9trica para funcionamento dos aparelhos de ar condicionado no Centro Municipal da Juventude Ol\u00edvio Paro Dan, como segue:\r\n\r\na)\tO servi\u00e7o de instala\u00e7\u00e3o da rede j\u00e1 foi executado? Se n\u00e3o, qual  o prazo para  execu\u00e7\u00e3o do servi\u00e7o?\r\nb)\tQuais s\u00e3o os impedimentos que a secretaria tem enfrentado para execu\u00e7\u00e3o da instala\u00e7\u00e3o da  rede el\u00e9trica, caso ainda n\u00e3o tenha executado?\r\nc)\tQuando ocorreu o processo licitat\u00f3rio? Se n\u00e3o ocorreu, qual a previs\u00e3o para realiza\u00e7\u00e3o?\r\nd)\tSolicitamos c\u00f3pia do processo licitat\u00f3rio da instala\u00e7\u00e3o da rede el\u00e9trica, caso j\u00e1 tenha ocorrido.","indexacao":"","observacao":"","resultado":"","texto_original":"http://sapl.novaandradina.ms.leg.br/media/sapl/public/materialegislativa/2021/232/requerimento_92_cida.doc","data_ultima_atualizacao":"2023-11-27T09:24:01.610486-03:00","ip":"200.124.64.20","ultima_edicao":"2023-11-27T09:24:01.483455-03:00","tipo":3,"regime_tramitacao":1,"tipo_origem_externa":null,"local_origem_externa":null,"user":8,"anexadas":[],"autores":[21]}