{"id":2313,"__str__":"PROJETO DE LEI ORDIN\u00c1RIA DO LEGISLATIVO n\u00ba 31 de 2023","link_detail_backend":"/materia/2313","metadata":{},"numero":31,"ano":2023,"numero_protocolo":1046,"data_apresentacao":"2023-06-07","tipo_apresentacao":"","data_publicacao":null,"numero_origem_externa":"","ano_origem_externa":null,"data_origem_externa":null,"apelido":"","dias_prazo":null,"data_fim_prazo":null,"em_tramitacao":true,"polemica":false,"objeto":"","complementar":false,"ementa":"\u201cDisp\u00f5e sobre a cria\u00e7\u00e3o do Programa Municipal de Sa\u00fade Mental Preventiva, para os/as professores/as da rede p\u00fablica municipal de ensino e d\u00e1 outras provid\u00eancias\u201d.","indexacao":"","observacao":"","resultado":"","texto_original":"http://sapl.novaandradina.ms.leg.br/media/sapl/public/materialegislativa/2023/2313/projeto_de_lei_no._31_gabriela_marcia_e_ceara.pdf","data_ultima_atualizacao":"2023-06-13T13:03:29.726551-03:00","ip":"200.124.64.20","ultima_edicao":"2023-06-13T13:03:29.432531-03:00","tipo":1,"regime_tramitacao":1,"tipo_origem_externa":null,"local_origem_externa":null,"user":8,"anexadas":[],"autores":[24,28,26]}