{"id":2307,"__str__":"INDICA\u00c7\u00c3O n\u00ba 241 de 2023","link_detail_backend":"/materia/2307","metadata":{},"numero":241,"ano":2023,"numero_protocolo":1038,"data_apresentacao":"2023-06-07","tipo_apresentacao":"","data_publicacao":null,"numero_origem_externa":"","ano_origem_externa":null,"data_origem_externa":null,"apelido":"","dias_prazo":null,"data_fim_prazo":null,"em_tramitacao":true,"polemica":false,"objeto":"","complementar":false,"ementa":"As Vereadoras que a esta subscrevem, nos termos regimentais vigentes, depois de ouvido o Plen\u00e1rio, INDICAM \u00c0 MESA DIRETORA, que seja encaminhado expediente ao Prefeito Municipal, Sr. JOS\u00c9 GILBERTO GARCIA, ao Secret\u00e1rio de Estado de Governo e Gest\u00e3o Estrat\u00e9gica, Sr. PEDRO ARLEI CARAVINA, e ao Secret\u00e1rio Municipal de Sa\u00fade, Sr. HERNANDES ORTIZ, solicitando ve\u00edculo de transporte coletivo (\u00f4nibus ou van) para os usu\u00e1rios do CAPS.","indexacao":"","observacao":"","resultado":"","texto_original":"http://sapl.novaandradina.ms.leg.br/media/sapl/public/materialegislativa/2023/2307/ind_241_-_marcia_e_gabriela.pdf","data_ultima_atualizacao":"2023-06-13T13:36:14.380541-03:00","ip":"200.124.64.20","ultima_edicao":"2023-06-13T13:36:14.158554-03:00","tipo":8,"regime_tramitacao":1,"tipo_origem_externa":null,"local_origem_externa":null,"user":8,"anexadas":[],"autores":[24,26]}