{"id":2298,"__str__":"MO\u00c7\u00c3O n\u00ba 26 de 2023","link_detail_backend":"/materia/2298","metadata":{},"numero":26,"ano":2023,"numero_protocolo":1012,"data_apresentacao":"2023-06-06","tipo_apresentacao":"","data_publicacao":null,"numero_origem_externa":"","ano_origem_externa":null,"data_origem_externa":null,"apelido":"","dias_prazo":null,"data_fim_prazo":null,"em_tramitacao":true,"polemica":false,"objeto":"","complementar":false,"ementa":"O Vereador que a esta subscreve nos termos regimentais vigentes, depois de ouvido o Plen\u00e1rio, REQUER \u00c0 MESA DIRETORA, que seja encaminhada MO\u00c7\u00c3O DE PARABENIZA\u00c7\u00c3O aos Socorristas do SAMU Nova Andadina Edna Amarante, Rosemeire Holanda e Marcos Teles, pela realiza\u00e7\u00e3o do parto de urg\u00eancia na madrugada do domingo dia 4 de junho de 2023 em nosso munic\u00edpio.","indexacao":"","observacao":"","resultado":"","texto_original":"http://sapl.novaandradina.ms.leg.br/media/sapl/public/materialegislativa/2023/2298/mocao_26_-_samu.pdf","data_ultima_atualizacao":"2023-06-13T13:14:36.465456-03:00","ip":"200.124.64.20","ultima_edicao":"2023-06-13T13:14:36.229858-03:00","tipo":7,"regime_tramitacao":1,"tipo_origem_externa":null,"local_origem_externa":null,"user":8,"anexadas":[],"autores":[41,29,21,22,2,23,24,25,28,20,26,27,30]}