{"id":2294,"__str__":"REQUERIMENTO n\u00ba 66 de 2023","link_detail_backend":"/materia/2294","metadata":{},"numero":66,"ano":2023,"numero_protocolo":988,"data_apresentacao":"2023-06-01","tipo_apresentacao":"","data_publicacao":null,"numero_origem_externa":"","ano_origem_externa":null,"data_origem_externa":null,"apelido":"","dias_prazo":null,"data_fim_prazo":null,"em_tramitacao":true,"polemica":false,"objeto":"","complementar":false,"ementa":"A Vereadora a esta subscreve nos termos regimentais vigentes depois de ouvido o Plen\u00e1rio REQUER \u00c0 MESA DIRETORA, que seja encaminhado expediente ao Prefeito Municipal, Sr. JOS\u00c9 GILBERTO GARCIA, ao Procurador Geral do Munic\u00edpio, Sr. DANIEL DE OLIVEIRA BASTOS, e a Secret\u00e1ria Municipal de Cidadania e Assist\u00eancia Social, Sra. DELMA PRADO CAVALCANTE, solicitando as seguintes informa\u00e7\u00f5es sobre a Semana Municipal do Primeiro Emprego, institu\u00edda pela Lei Municipal n\u00b0 1.679, de 19 de maio de 2022: \r\n\r\nA.\tHouve alguma atividade relacionada a semana do primeiro emprego? Se sim qual? Enviar listagem coma as atividades desenvolvidas.\r\nB.\t  Existe alguma parceria fechada para a realiza\u00e7\u00e3o da mesma? Com as empresas locais e com os \u00f3rg\u00e3os Municipais, Estaduais e Federal? \r\nC.\t H\u00e1 alguma programa\u00e7\u00e3o para que em 2024 seja realizado mais a\u00e7\u00f5es, como palestras, visitas t\u00e9cnicas dias de campo entre outras atividades que possam estreitar o la\u00e7o entre os contratantes e nossa juventude?","indexacao":"","observacao":"","resultado":"","texto_original":"http://sapl.novaandradina.ms.leg.br/media/sapl/public/materialegislativa/2023/2294/requerimento_66_-_gabriela.pdf","data_ultima_atualizacao":"2023-06-13T13:22:13.483943-03:00","ip":"200.124.64.20","ultima_edicao":"2023-06-13T13:22:13.255075-03:00","tipo":3,"regime_tramitacao":1,"tipo_origem_externa":null,"local_origem_externa":null,"user":8,"anexadas":[],"autores":[24]}