{"id":2180,"__str__":"INDICA\u00c7\u00c3O n\u00ba 174 de 2023","link_detail_backend":"/materia/2180","metadata":{},"numero":174,"ano":2023,"numero_protocolo":719,"data_apresentacao":"2023-04-27","tipo_apresentacao":"","data_publicacao":null,"numero_origem_externa":"","ano_origem_externa":null,"data_origem_externa":null,"apelido":"","dias_prazo":null,"data_fim_prazo":null,"em_tramitacao":true,"polemica":false,"objeto":"","complementar":false,"ementa":"Os Vereadores que a esta subscrevem, nos termos regimentais vigentes, depois de ouvido o Plen\u00e1rio, INDICAM \u00c0 MESA DIRETORA que seja encaminhado expediente ao Governador do Estado, SR. EDUARDO RIEDEL, e ao Secret\u00e1rio de Estado de Sa\u00fade, SR. MAURICIO SIM\u00d5ES CORR\u00caA, com c\u00f3pia ao Prefeito Municipal, SR. JOS\u00c9 GILBERTO GARCIA e ao Secret\u00e1rio Municipal de Sa\u00fade, SR. HERNANDES ORTIZ, REITERANDO a indica\u00e7\u00e3o 116/2021, solicitando que seja disponibilizado o Servi\u00e7o de atendimento M\u00e9dico de Urg\u00eancia \u2013 SAMU para Nova Casa Verde.","indexacao":"","observacao":"","resultado":"","texto_original":"http://sapl.novaandradina.ms.leg.br/media/sapl/public/materialegislativa/2023/2180/ind_174_-_joao_dan_leandro_fabio_e_alemao.pdf","data_ultima_atualizacao":"2023-05-09T14:10:56.151181-03:00","ip":"200.124.64.20","ultima_edicao":"2023-05-09T14:10:55.972395-03:00","tipo":8,"regime_tramitacao":1,"tipo_origem_externa":null,"local_origem_externa":null,"user":8,"anexadas":[],"autores":[41,23,25,20]}