{"id":2177,"__str__":"PROJETO DE LEI ORDIN\u00c1RIA DO LEGISLATIVO n\u00ba 25 de 2023","link_detail_backend":"/materia/2177","metadata":{},"numero":25,"ano":2023,"numero_protocolo":710,"data_apresentacao":"2023-04-27","tipo_apresentacao":"","data_publicacao":null,"numero_origem_externa":"","ano_origem_externa":null,"data_origem_externa":null,"apelido":"","dias_prazo":null,"data_fim_prazo":null,"em_tramitacao":true,"polemica":false,"objeto":"","complementar":false,"ementa":"\u201cDisp\u00f5e sobre a institui\u00e7\u00e3o do Maio Furta-Cor, incentivando a realiza\u00e7\u00e3o de a\u00e7\u00f5es que promovam a conscientiza\u00e7\u00e3o, incentivo, cuidado e promo\u00e7\u00e3o da sa\u00fade mental materna e d\u00e1 outras provid\u00eancias\u201d.","indexacao":"","observacao":"","resultado":"","texto_original":"http://sapl.novaandradina.ms.leg.br/media/sapl/public/materialegislativa/2023/2177/projeto_de_lei_no._25_gabriela_marciacida.pdf","data_ultima_atualizacao":"2023-05-02T14:05:02.033111-03:00","ip":"200.124.64.20","ultima_edicao":"2023-05-02T14:05:01.743185-03:00","tipo":1,"regime_tramitacao":1,"tipo_origem_externa":null,"local_origem_externa":null,"user":8,"anexadas":[],"autores":[24]}