{"id":1851,"__str__":"REQUERIMENTO n\u00ba 122 de 2022","link_detail_backend":"/materia/1851","metadata":{},"numero":122,"ano":2022,"numero_protocolo":1224,"data_apresentacao":"2022-12-16","tipo_apresentacao":"","data_publicacao":null,"numero_origem_externa":"","ano_origem_externa":null,"data_origem_externa":null,"apelido":"","dias_prazo":null,"data_fim_prazo":null,"em_tramitacao":true,"polemica":false,"objeto":"","complementar":false,"ementa":"REQUEREM A MESA DIRETORA, que seja encaminhado expediente ao Prefeito Municipal, Sr. JOS\u00c9 GILBERTO GARCIA, a Secret\u00e1ria Municipal de Educa\u00e7\u00e3o, Cultura e Esporte, Sra. GIULIANA MASCULI POKRYWIECKI solicitando as seguintes informa\u00e7\u00f5es: \r\na)\tA creche Pequeno Pr\u00edncipe ser\u00e1 transferida para outro local?\r\nb)\tSe sim, tem progn\u00f3stico de instala\u00e7\u00e3o de outra creche para \u00e0quela localidade? Ou, as mesmas ser\u00e3o realocadas, como ser\u00e1 feito o procedimento de transi\u00e7\u00e3o?\r\nc)\tCom essas mudan\u00e7as, aumentar\u00e1 o n\u00famero de vagas?","indexacao":"","observacao":"","resultado":"","texto_original":"http://sapl.novaandradina.ms.leg.br/media/sapl/public/materialegislativa/2022/1851/requerimento_122_-_gabi_ceara_marcia_e_arion.pdf","data_ultima_atualizacao":"2022-12-21T09:15:54.695048-03:00","ip":"200.124.64.20","ultima_edicao":"2022-12-21T09:15:53.905654-03:00","tipo":3,"regime_tramitacao":1,"tipo_origem_externa":null,"local_origem_externa":null,"user":8,"anexadas":[],"autores":[29,24,28,26]}