{"id":1470,"__str__":"INDICA\u00c7\u00c3O n\u00ba 222 de 2022","link_detail_backend":"/materia/1470","metadata":{},"numero":222,"ano":2022,"numero_protocolo":595,"data_apresentacao":"2022-06-30","tipo_apresentacao":"","data_publicacao":null,"numero_origem_externa":"","ano_origem_externa":null,"data_origem_externa":null,"apelido":"","dias_prazo":null,"data_fim_prazo":null,"em_tramitacao":true,"polemica":false,"objeto":"","complementar":false,"ementa":"Os Vereadores que a esta subscrevem, nos termos regimentais vigentes, depois de ouvido o Plen\u00e1rio, INDICAM \u00c0 MESA DIRETORA, que seja encaminhado expediente ao Prefeito Municipal, Sr. JOS\u00c9 GILBERTO GARCIA, e ao Procurador Geral do Munic\u00edpio de Nova Andradina, Sr. DANIEL DE OLIVEIRA BASTOS, solicitando que seja feita uma avalia\u00e7\u00e3o da possibilidade de altera\u00e7\u00e3o da Lei n.\u00ba 42/2002 para que maiores de 16 (dezesseis) anos emancipados possam tomar posse em cargo p\u00fablico.","indexacao":"","observacao":"","resultado":"","texto_original":"http://sapl.novaandradina.ms.leg.br/media/sapl/public/materialegislativa/2022/1470/ind_222_arion_cida.docx","data_ultima_atualizacao":"2022-07-05T11:23:09.601167-03:00","ip":"200.124.64.20","ultima_edicao":"2022-07-05T11:23:09.461401-03:00","tipo":8,"regime_tramitacao":1,"tipo_origem_externa":null,"local_origem_externa":null,"user":8,"anexadas":[],"autores":[29,21]}