{"id":1203,"__str__":"REQUERIMENTO n\u00ba 35 de 2022","link_detail_backend":"/materia/1203","metadata":{},"numero":35,"ano":2022,"numero_protocolo":177,"data_apresentacao":"2022-03-31","tipo_apresentacao":"","data_publicacao":null,"numero_origem_externa":"","ano_origem_externa":null,"data_origem_externa":null,"apelido":"","dias_prazo":null,"data_fim_prazo":null,"em_tramitacao":true,"polemica":false,"objeto":"","complementar":false,"ementa":"REQUEREM A MESA DIRETORA, que seja encaminhado expediente ao Prefeito Municipal, Sr. JOS\u00c9 GILBERTO GARCIA, e ao Secret\u00e1rio Municipal de Servi\u00e7os P\u00fablicos, Sr. ROBERTO GINELL, que em resposta a Indica\u00e7\u00e3o de nossa autoria n\u00ba 088/2021 (Pedido de Banheiro qu\u00edmicos m\u00f3veis em anexo), a qual nos informou que fariam estudos com levantamento de custo para averiguar a possibilidade de atender a referida, cabe-nos questionar:\r\n\r\na)\tOs custos j\u00e1 foram levantados?\r\nb)\tH\u00e1 processo j\u00e1 iniciado para atender a indica\u00e7\u00e3o mencionada?\r\nc)\tA administra\u00e7\u00e3o p\u00fablica se ainda n\u00e3o fez, pretendem levantar estes custos ainda neste ano? \r\nd)\tO atendimento por completo da referida indica\u00e7\u00e3o tem algum prazo pra acontecer? Se sim, informar qual.\r\ne)     A administra\u00e7\u00e3o p\u00fablica tem dimens\u00e3o da import\u00e2ncia que \u00e9 para os garis terem um local para fazer suas necessidades b\u00e1sicas? E que o fato de n\u00e3o disponibilizar a eles tal local fere as normas do Minist\u00e9rio do Trabalho e a dignidade humana?","indexacao":"","observacao":"","resultado":"","texto_original":"http://sapl.novaandradina.ms.leg.br/media/sapl/public/materialegislativa/2022/1203/requerimento_35_-_2022_ceara_e_leandro.doc","data_ultima_atualizacao":"2022-04-06T10:50:40.976459-03:00","ip":"200.124.64.20","ultima_edicao":"2022-04-06T10:50:40.839862-03:00","tipo":3,"regime_tramitacao":1,"tipo_origem_externa":null,"local_origem_externa":null,"user":8,"anexadas":[],"autores":[28,20]}