{"id":4929,"__str__":"INDICA\u00c7\u00c3O n\u00ba 392 de 2023 - CAPACITA\u00c7\u00c3O PROFISSIONAIS DE SA\u00daDE","link_detail_backend":"/materia/materiaassunto/4929","metadata":{},"assunto":788,"materia":2638}