{"id":426,"__str__":"Oficio - RESP. INDICA\u00c7\u00c3O 196 de 31/07/2024 por EDEILDO PISCINEIRO","link_detail_backend":"/materia/documentoacessorio/426","metadata":{},"nome":"RESP. INDICA\u00c7\u00c3O 196","data":"2024-07-31","autor":"EDEILDO PISCINEIRO","ementa":"Of. n\u00ba 358/2024/GAB/PREF\r\nAcusamos o recebimento da indica\u00e7\u00e3o n\u00ba 196/2024, de autoria do Vereador Edeildo Gon\u00e7alves dos Santos \u2013 PSDB; solicitando-nos a a implementa\u00e7\u00e3o estrutural da Pra\u00e7a Prof\u00ba. Jos\u00e9 Dias de Almeida no Bairro Bela Vista I, contendo: a) Parque Infantil de Acordo com a Lei Municipal n\u00ba. 851 de dezembro de 2009, com brinquedos adaptados para crian\u00e7as com necessidades especiais; b) Academia ao ar livre; c) Campo de futebol Society; d) Quadra de V\u00f4lei de Areia.","indexacao":"","arquivo":"http://sapl.novaandradina.ms.leg.br/media/sapl/public/documentoacessorio/2024/426/of_358.pdf","data_ultima_atualizacao":"2024-07-31T08:50:37.561300-03:00","materia":3370,"tipo":5}