{"id":1059,"__str__":"Avulso - DECLARA\u00c7\u00c3O DE ADEQUA\u00c7\u00c3O OR\u00c7AMENT\u00c1RIA de 16/04/2026 por F\u00c1BIO ZANATA","link_detail_backend":"/materia/documentoacessorio/1059","metadata":{"signs":{"arquivo":{"admin":[],"autores":[["Fabio Zanata",["2026-04-16T08:20:07-04:00","ICP-Brasil"]]]}}},"nome":"DECLARA\u00c7\u00c3O DE ADEQUA\u00c7\u00c3O OR\u00c7AMENT\u00c1RIA","data":"2026-04-16","autor":"F\u00c1BIO ZANATA","ementa":"DECLARA\u00c7\u00c3O DE ADEQUA\u00c7\u00c3O OR\u00c7AMENT\u00c1RIA E FINANCEIRA DO ORDENADOR DA DESPESA, referente ao PROJETO DE EMENDA LEI ORG\u00c2NICA N\u00ba. 01, de 27 de mar\u00e7o de 2026, Altera o \u00a7 1\u00ba do art. 17 da Lei Org\u00e2nica do Munic\u00edpio de Nova Andradina/MS para adequ\u00e1-lo ao disposto no Art. 29, IV, D, da Constitui\u00e7\u00e3o Federal /88.","indexacao":"","arquivo":"http://sapl.novaandradina.ms.leg.br/media/sapl/public/documentoacessorio/2026/1059/declaracao_de_adequacao_orcamentaria_e_financeira_do_ordenador_da_despesa.pdf","data_ultima_atualizacao":"2026-04-16T09:57:09.518597-03:00","materia":4931,"tipo":3}